{"id":1621,"__str__":"Projeto de Lei Ordin\u00e1ria Municipal n\u00ba 9 de 2025","link_detail_backend":"/materia/1621","metadata":{},"numero":9,"ano":2025,"numero_protocolo":null,"data_apresentacao":"2025-06-06","tipo_apresentacao":"E","data_publicacao":null,"numero_origem_externa":"","ano_origem_externa":null,"data_origem_externa":null,"apelido":"","dias_prazo":null,"data_fim_prazo":null,"em_tramitacao":true,"polemica":false,"objeto":"","complementar":false,"ementa":"DISP\u00d5E SOBRE A EXTIN\u00c7\u00c3O DOS CARGOS EFETIVOS DE AUXILIAR DE ENFERMAGEM E DE AUXILIAR EM SA\u00daDE BUCAL, DECLARADOS DESNECESS\u00c1RIOS, E SOBRE APROVEITAMENTO DOS SERVIDORES P\u00daBLICOS EST\u00c1VEIS, NOS TERMOS DO ART. 41, \u00a7 3\u00ba, DA CONSTITUI\u00c7\u00c3O FEDERAL, E D\u00c1 OUTRAS PROVID\u00caNCIAS","indexacao":"","observacao":"","resultado":"","texto_original":"http://sapl.santacruz.rn.leg.br/media/sapl/public/materialegislativa/2025/1621/projeto_lei_ordinaria_09_2025.pdf","data_ultima_atualizacao":"2025-06-16T10:24:02.109131-03:00","ip":"177.75.245.179","ultima_edicao":"2025-06-16T10:24:01.946670-03:00","tipo":15,"regime_tramitacao":1,"tipo_origem_externa":null,"local_origem_externa":null,"user":12,"anexadas":[],"autores":[]}